{"id":63,"date":"2007-09-18T13:38:21","date_gmt":"2007-09-18T20:38:21","guid":{"rendered":"http:\/\/carlos.masiasweb.com\/?p=63"},"modified":"2007-09-18T13:38:21","modified_gmt":"2007-09-18T20:38:21","slug":"la-voz-a-ti-debida","status":"publish","type":"post","link":"https:\/\/carlos.masiasweb.com\/?p=63","title":{"rendered":"La Voz a Ti debida"},"content":{"rendered":"<p>Fue en mi curso universitario de Literatura donde por primera vez escuch\u00e9 hablar de Pedro Salinas. La profesora, una espa\u00f1ola joven y temperamental, nos dio a leer <em>La Voz a ti debida<\/em>. He de decir que el libro me result\u00f3 por lo dem\u00e1s insoportable, en ese entonces prefer\u00eda la poes\u00eda ag\u00f3nica de Vallejo que al hablar de la amada pod\u00eda decir: \u00abAmada, moriremos los dos juntos, muy juntos;\/ se ir\u00e1 secando a pausas nuestra excelsa amargura\u00bb.\u00a0Tuve que descubrir a los fil\u00f3sofos del di\u00e1logo para que, al volver a leer\u00a0a Salinas, ya en \u00faltimo a\u00f1o de carrera, su poes\u00eda me resultara iluminante.<\/p>\n<p><!--more-->\u00a0Creo recordar que de esa primera lectura, la \u00fanica que se qued\u00f3 grabada en mi fue aquella en que trata de la llamada, del ans\u00eda de ser llamado por el amor, no por la persona amada, todav\u00eda no. Me revel\u00f3 el\u00a0profundo deseo que muchas veces guardamos de encontrarmos llamados por el amor, a veces me ha pasado que ante una persona con la que encuentro mucha \u00abempat\u00eda\u00bb, que parece ser mi chica 10, me pregunto si\u00a0el amor me llamar\u00e1 a trav\u00e9s de ella; sin embargo,\u00a0cuando he reconocido el amor, nunca\u00a0me ha llegado ese llamado por v\u00eda de ellas sino de otras personas m\u00e1s dis\u00edmiles. \u00a0\u00a0<\/p>\n<blockquote><p>\u00a1Si me llamaras, s\u00ed;<br \/>\nsi me llamaras!<br \/>\nLo dejar\u00eda todo,<br \/>\ntodo lo tirar\u00eda:<br \/>\nlos precios, los cat\u00e1logos,<br \/>\nel azul del oc\u00e9ano en los mapas,<br \/>\nlos d\u00edas y sus noches,<br \/>\nlos telegramas viejos<br \/>\ny un amor.<br \/>\nT\u00fa, que no eres mi amor,<br \/>\n\u00a1si me llamaras!<br \/>\nY a\u00fan espero tu voz:<br \/>\ntelescopios abajo,<br \/>\ndesde la estrella,<br \/>\npor espejos, por t\u00faneles,<br \/>\npor los a\u00f1os bisiestos<br \/>\npuede venir. No s\u00e9 por d\u00f3nde.<br \/>\nDesde el prodigio, siempre.<br \/>\nPorque si t\u00fa me llamas<br \/>\n\u00ab\u00a1si me llamaras, s\u00ed, si me llamaras!\u00bb<br \/>\nser\u00e1 desde un milagro,<br \/>\ninc\u00f3gnito, sin verlo.<br \/>\nNunca desde los labios que te beso,<br \/>\nnunca<br \/>\ndesde la voz que dice: \u00abNo te vayas\u00bb.<\/p><\/blockquote>\n<p>A partir de mi lectura de los pensadores dial\u00f3gicos, empec\u00e9 a entender ese af\u00e1n de vivir en los pronombre, de asir el ser personal del otro, allende las mascaradas sociales, culturales, o de la moda. La presencia desnuda del ser personal en el pronombre, indica el encuentro amoroso de intimidades.<\/p>\n<blockquote><p>\u00a1Qu\u00e9 alegr\u00eda m\u00e1s alta:<br \/>\nvivir en los pronombres!<\/p>\n<p>Qu\u00edtate ya los trajes,<br \/>\nlas se\u00f1as, los retratos;<br \/>\nyo no te quiero as\u00ed,<br \/>\ndisfrazada de otra,<br \/>\nhija siempre de algo.<br \/>\nTe quiero pura, libre,<br \/>\nirreductible: t\u00fa.<br \/>\nS\u00e9 que cuando te llame<br \/>\nentre todas las gentes<br \/>\ndel mundo,<br \/>\ns\u00f3lo t\u00fa ser\u00e1s t\u00fa.<br \/>\nY cuando me preguntes<br \/>\nqui\u00e9n es el que te llama,<br \/>\nel que te quiere suya,<br \/>\nenterrar\u00e9 los nombres,<br \/>\nlos r\u00f3tulos, la historia.<br \/>\nIr\u00e9 rompiendo todo<br \/>\nlo que encima me echaron<br \/>\ndesde antes de nacer.<br \/>\nY vuelto ya al an\u00f3nimo<br \/>\neterno del desnudo,<br \/>\nde la piedra, del mundo,<br \/>\nte dir\u00e9:<br \/>\n\u00abYo te quiero, soy yo\u00bb.<\/p><\/blockquote>\n<p>Precisamente porque se da este encuentro de intimidades, y solamente cuando se da, el amor nos permite ir m\u00e1s all\u00e1 de las manifestaciones, hacia el verdadero ser personal. Sobrevolamos lo accidental, lo circunstancial, para ir a lo nuclear. Buscamos el bienestar de la persona, del otro. \u00bfNo dec\u00eda Arist\u00f3teles que amar es querer el bien del otro? Pero el bien real, no la mera satisfacci\u00f3n de sus caprichos; y para saber cu\u00e1l sea su bien hay que conocerlo al otro.<\/p>\n<blockquote><p>\u00a0Lo que eres<br \/>\nme distrae de lo que dices.<\/p>\n<p>Lanzas palabras veloces,<br \/>\nempavesadas de risas,<br \/>\ninvit\u00e1ndome<br \/>\na ir adonde ellas me lleven.<br \/>\nNo te atiendo, no las sigo:<br \/>\nestoy mirando<br \/>\nlos labios donde nacieron.<\/p>\n<p>Miras de pronto a los lejos.<br \/>\nClavas la mirada all\u00ed,<br \/>\nno s\u00e9 en qu\u00e9, y se te dispara<br \/>\na buscarlo ya tu alma<br \/>\nafilada, de saeta.<br \/>\nYo no miro adonde miras:<br \/>\nyo te estoy viendo mirar.<\/p>\n<p>Y cuando deseas algo<br \/>\nno pienso en lo que t\u00fa quieres,<br \/>\nni lo envidio: es lo de menos.<br \/>\nLo quieres hoy, lo deseas;<br \/>\nma\u00f1ana lo olvidar\u00e1s<br \/>\npor una querencia nueva.<br \/>\nNo. Te espero m\u00e1s all\u00e1<br \/>\nde los fines y los t\u00e9rminos.<\/p>\n<p>En lo que no ha de pasar<br \/>\nme quedo, en el puro acto<br \/>\nde tu deseo, queri\u00e9ndote.<br \/>\nY no quiero ya otra cosa<br \/>\nm\u00e1s que verte a ti querer.<\/p><\/blockquote>\n<p>Cuando no se da este encuentro, el amor -por m\u00e1s que se den sus manifestaciones- no deja de ser un juego individual. Amar es siempre amar a otro, dejarse amar y seguir amando. Ambos aman y se dejan amar, si no no cabe amor. Quiz\u00e1 por eso dec\u00eda Tom\u00e1s de Aquino que si el amor no es correspondido, es mejor destruirlo.<\/p>\n<blockquote><p>La forma de querer t\u00fa<br \/>\nes dejarme que te quiera.<br \/>\nEl s\u00ed con que te me rindes<br \/>\nes el silencio. Tus besos<br \/>\nson ofrecerme los labios<br \/>\npara que los bese yo.<br \/>\nJam\u00e1s palabras, abrazos,<br \/>\nme dir\u00e1n que t\u00fa exist\u00edas,<br \/>\nque me quisiste: jam\u00e1s.<br \/>\nMe lo dicen hojas blancas,<br \/>\nmapas, augurios, tel\u00e9fonos;<br \/>\nt\u00fa, no.<br \/>\nY estoy abrazado a ti<br \/>\nsin preguntarte, de miedo<br \/>\na que no sea verdad<br \/>\nque t\u00fa vives y me quieres.<br \/>\nY estoy abrazado a ti<br \/>\nsin mirar y sin tocarte.<br \/>\nNo vaya a ser que descubra<br \/>\ncon preguntas, con caricias,<br \/>\nesa soledad inmensa<br \/>\nde quererte s\u00f3lo yo.<\/p><\/blockquote>\n<p>Cuando se ama se busca que la persona sea cada vez mejor persona, que crezca. No se trata de cambios epid\u00e9rmicos. Muchas veces nos centramos en eso, y exigimos cambios que redundan en detrimento del ser personal. No, el cambio que se ans\u00eda es el de hacer al otro mejor persona, un cambio integral. Pero no una exigencia de cambio, sino una ayuda al cambio.<\/p>\n<blockquote><p>Perd\u00f3name por ir as\u00ed busc\u00e1ndote<br \/>\ntan torpemente, dentro<br \/>\nde ti.<br \/>\nPerd\u00f3name el dolor, alguna vez.<br \/>\nEs que quiero sacar<br \/>\nde ti tu mejor t\u00fa.<br \/>\n\u00c9se que no te viste y que yo veo,<br \/>\nnadador por tu fondo, precios\u00edsimo.<br \/>\nY cogerlo<br \/>\ny tenerlo yo en alto como tiene<br \/>\nel \u00e1rbol la luz \u00faltima<br \/>\nque le ha encontrado al sol.<br \/>\nY entonces t\u00fa<br \/>\nen su busca vendr\u00edas, a lo alto.<br \/>\nPara llegar a \u00e9l<br \/>\nsubida sobre ti, como te quiero,<br \/>\ntocando ya tan s\u00f3lo a tu pasado<br \/>\ncon las puntas rosadas de tus pies,<br \/>\nen tensi\u00f3n todo el cuerpo, ya ascendiendo<br \/>\nde ti a ti misma.<\/p>\n<p>Y que a mi amor entonces, le conteste<br \/>\nla nueva criatura que t\u00fa eras.<\/p><\/blockquote>\n","protected":false},"excerpt":{"rendered":"<p>Fue en mi curso universitario de Literatura donde por primera vez escuch\u00e9 hablar de Pedro Salinas. La profesora, una espa\u00f1ola joven y temperamental, nos dio a leer La Voz a ti debida. He de decir que el libro me result\u00f3 por lo dem\u00e1s insoportable, en ese entonces prefer\u00eda la poes\u00eda ag\u00f3nica de Vallejo que al [&hellip;]<\/p>\n","protected":false},"author":1,"featured_media":0,"comment_status":"open","ping_status":"open","sticky":false,"template":"","format":"standard","meta":{"footnotes":""},"categories":[5,10],"tags":[],"class_list":["post-63","post","type-post","status-publish","format-standard","hentry","category-citas","category-literatura"],"_links":{"self":[{"href":"https:\/\/carlos.masiasweb.com\/index.php?rest_route=\/wp\/v2\/posts\/63","targetHints":{"allow":["GET"]}}],"collection":[{"href":"https:\/\/carlos.masiasweb.com\/index.php?rest_route=\/wp\/v2\/posts"}],"about":[{"href":"https:\/\/carlos.masiasweb.com\/index.php?rest_route=\/wp\/v2\/types\/post"}],"author":[{"embeddable":true,"href":"https:\/\/carlos.masiasweb.com\/index.php?rest_route=\/wp\/v2\/users\/1"}],"replies":[{"embeddable":true,"href":"https:\/\/carlos.masiasweb.com\/index.php?rest_route=%2Fwp%2Fv2%2Fcomments&post=63"}],"version-history":[{"count":0,"href":"https:\/\/carlos.masiasweb.com\/index.php?rest_route=\/wp\/v2\/posts\/63\/revisions"}],"wp:attachment":[{"href":"https:\/\/carlos.masiasweb.com\/index.php?rest_route=%2Fwp%2Fv2%2Fmedia&parent=63"}],"wp:term":[{"taxonomy":"category","embeddable":true,"href":"https:\/\/carlos.masiasweb.com\/index.php?rest_route=%2Fwp%2Fv2%2Fcategories&post=63"},{"taxonomy":"post_tag","embeddable":true,"href":"https:\/\/carlos.masiasweb.com\/index.php?rest_route=%2Fwp%2Fv2%2Ftags&post=63"}],"curies":[{"name":"wp","href":"https:\/\/api.w.org\/{rel}","templated":true}]}}