{"id":94,"date":"2008-02-25T10:56:10","date_gmt":"2008-02-25T17:56:10","guid":{"rendered":"http:\/\/carlos.masiasweb.com\/?p=94"},"modified":"2008-02-25T12:08:39","modified_gmt":"2008-02-25T19:08:39","slug":"dayenu","status":"publish","type":"post","link":"https:\/\/carlos.masiasweb.com\/?p=94","title":{"rendered":"Dayen\u00fa"},"content":{"rendered":"<p>Se dice que es de bien nacido el ser agradecido, pero muchas veces no somos concientes sobre los aspectos de los que debemos ser agradecidos. . Hay que hacer una pausa en la vida -sobre todo cuando uno cumple a\u00f1os como es mi caso- para ver sobre qu\u00e9 debemos dar gracias. Este es mi <a target=\"_blank\" href=\"http:\/\/es.wikipedia.org\/wiki\/Dayen%C3%BA\">Dayen\u00fa <\/a>a los 29 a\u00f1os.<\/p>\n<p><!--more--><\/p>\n<p align=\"center\">&#8211; &#8211; &#8211; &#8211;\u00a0<\/p>\n<p>Si Dios s\u00f3lo me hubiese permitido nacer,<br \/>\ny no me hubiese bendecido con los padres que me dio,<br \/>\n\u00a1Dayen\u00fa!<\/p>\n<p>Si s\u00f3lo me hubiese bendecido con los padres que me dio,<br \/>\ny no me hubiese dado el regalo de mis hermanos,<br \/>\n\u00a1Dayen\u00fa!<\/p>\n<p>Si s\u00f3lo me hubiese dado el regalo de mis hermanos,<br \/>\ny no me hubiese permitido la dicha de crecer junto a ellos,<br \/>\n\u00a1Dayen\u00fa!<\/p>\n<p>Si s\u00f3lo me hubiese permitido la dicha de crecer junto a ellos,<br \/>\ny no me hubiese dado la maravilla de ser amado por ellos,<br \/>\n\u00a1Dayen\u00fa!<\/p>\n<p>Si s\u00f3lo me hubiese dado la maravilla de ser amado por ellos,<br \/>\ny no me hubiese dado la felicidad de poder amarlos,<br \/>\n\u00a1Dayen\u00fa!<\/p>\n<p>\u00a1Pero hizo todo eso!<br \/>\n<em>Al achat kama vechama tova chefula umechupelet lamakom aleinu.<br \/>\n<\/em>Todo y m\u00e1s a\u00fan, dobladas y redobladas son las buenas acciones que el Eterno nos ha dado.\u00a0<\/p>\n<p><!--more--><\/p>\n<p style=\"text-align: center\"><img loading=\"lazy\" decoding=\"async\" border=\"1\" vspace=\"2\" width=\"409\" src=\"https:\/\/carlos.masiasweb.com\/wp-content\/uploads\/2008\/02\/autoretrato.jpg\" hspace=\"2\" alt=\"autoretrato\" height=\"518\" style=\"width: 409px; height: 518px\" title=\"autoretrato\" \/><\/p>\n<p align=\"left\">&nbsp;<\/p>\n<p align=\"left\">Si Dios s\u00f3lo me hubiese dado la vida,<br \/>\ny no me hubiese iluminado con el fuego de la inteligencia,<br \/>\n\u00a1Dayen\u00fa!<\/p>\n<p align=\"left\">Si s\u00f3lo me hubiese iluminado con el fuego de la inteligencia,<br \/>\ny no lo hubiese alimentado con la sabidur\u00eda de mis abuelitos y padres, \u00a1Dayen\u00fa!<\/p>\n<p align=\"left\">Si s\u00f3lo lo hubiese alimentado con la sabidur\u00eda de mis abuelitos y padres,<br \/>\ny no me hubiese lanzado el reto de ser libertad,\u00a0<br \/>\n\u00a1Dayen\u00fa!<\/p>\n<p align=\"left\">Si s\u00f3lo me hubiese lanzado el reto de ser libertad,<br \/>\ny no me hubiese puesto en el mundo como teatro,<br \/>\n\u00a1Dayen\u00fa!<\/p>\n<p align=\"left\">Si s\u00f3lo me hubiese puesto en el mundo como teatro,<br \/>\ny no me hubiese dado un coraz\u00f3n con que donarme<br \/>\n\u00a1Dayen\u00fa!<\/p>\n<p align=\"left\">\u00a1Pero hizo todo eso!<br \/>\n<em>Al achat kama vechama tova chefula umechupelet lamakom aleinu<\/em>.<br \/>\nTodo y m\u00e1s a\u00fan, dobladas y redobladas son las buenas acciones que el Eterno nos ha dado<\/p>\n<p align=\"left\">&nbsp;<\/p>\n<p style=\"text-align: center\"><img decoding=\"async\" border=\"1\" vspace=\"2\" src=\"https:\/\/carlos.masiasweb.com\/wp-content\/uploads\/2008\/02\/en-la-banca.JPG\" hspace=\"2\" alt=\"en-la-banca.JPG\" title=\"en-la-banca.JPG\" \/><\/p>\n<p><a href=\"https:\/\/carlos.masiasweb.com\/wp-content\/uploads\/2008\/02\/en-la-banca.JPG\" title=\"en-la-banca.JPG\"><\/a><\/p>\n<p align=\"left\">&nbsp;<\/p>\n","protected":false},"excerpt":{"rendered":"<p>Se dice que es de bien nacido el ser agradecido, pero muchas veces no somos concientes sobre los aspectos de los que debemos ser agradecidos. . Hay que hacer una pausa en la vida -sobre todo cuando uno cumple a\u00f1os como es mi caso- para ver sobre qu\u00e9 debemos dar gracias. Este es mi Dayen\u00fa [&hellip;]<\/p>\n","protected":false},"author":1,"featured_media":0,"comment_status":"open","ping_status":"open","sticky":false,"template":"","format":"standard","meta":{"footnotes":""},"categories":[1,4],"tags":[],"class_list":["post-94","post","type-post","status-publish","format-standard","hentry","category-de-todo-un-poco","category-personal"],"_links":{"self":[{"href":"https:\/\/carlos.masiasweb.com\/index.php?rest_route=\/wp\/v2\/posts\/94","targetHints":{"allow":["GET"]}}],"collection":[{"href":"https:\/\/carlos.masiasweb.com\/index.php?rest_route=\/wp\/v2\/posts"}],"about":[{"href":"https:\/\/carlos.masiasweb.com\/index.php?rest_route=\/wp\/v2\/types\/post"}],"author":[{"embeddable":true,"href":"https:\/\/carlos.masiasweb.com\/index.php?rest_route=\/wp\/v2\/users\/1"}],"replies":[{"embeddable":true,"href":"https:\/\/carlos.masiasweb.com\/index.php?rest_route=%2Fwp%2Fv2%2Fcomments&post=94"}],"version-history":[{"count":0,"href":"https:\/\/carlos.masiasweb.com\/index.php?rest_route=\/wp\/v2\/posts\/94\/revisions"}],"wp:attachment":[{"href":"https:\/\/carlos.masiasweb.com\/index.php?rest_route=%2Fwp%2Fv2%2Fmedia&parent=94"}],"wp:term":[{"taxonomy":"category","embeddable":true,"href":"https:\/\/carlos.masiasweb.com\/index.php?rest_route=%2Fwp%2Fv2%2Fcategories&post=94"},{"taxonomy":"post_tag","embeddable":true,"href":"https:\/\/carlos.masiasweb.com\/index.php?rest_route=%2Fwp%2Fv2%2Ftags&post=94"}],"curies":[{"name":"wp","href":"https:\/\/api.w.org\/{rel}","templated":true}]}}